{"id":1496,"date":"2026-02-04T21:50:19","date_gmt":"2026-02-05T00:50:19","guid":{"rendered":"https:\/\/grupovelazquez.com.ar\/blog\/?p=1496"},"modified":"2026-03-15T23:42:06","modified_gmt":"2026-03-16T02:42:06","slug":"nuevos-limites-de-cobertura-en-responsabilidad-civil-2026","status":"publish","type":"post","link":"https:\/\/grupovelazquez.com.ar\/blog\/news\/nuevos-limites-de-cobertura-en-responsabilidad-civil-2026\/","title":{"rendered":"Nuevos l\u00edmites de cobertura en Responsabilidad Civil  2026"},"content":{"rendered":"\t\t<div data-elementor-type=\"wp-post\" data-elementor-id=\"1496\" class=\"elementor elementor-1496\">\n\t\t\t\t\t\t<section class=\"elementor-section elementor-top-section elementor-element elementor-element-f778e0d elementor-section-boxed elementor-section-height-default elementor-section-height-default exad-glass-effect-no exad-sticky-section-no\" data-id=\"f778e0d\" data-element_type=\"section\" data-e-type=\"section\">\n\t\t\t\t\t\t<div class=\"elementor-container elementor-column-gap-default\">\n\t\t\t\t\t<div class=\"elementor-column elementor-col-100 elementor-top-column elementor-element elementor-element-2b298a6 exad-glass-effect-no exad-sticky-section-no\" data-id=\"2b298a6\" data-element_type=\"column\" data-e-type=\"column\">\n\t\t\t<div class=\"elementor-widget-wrap elementor-element-populated\">\n\t\t\t\t\t\t<div class=\"elementor-element elementor-element-bc0fe3d exad-sticky-section-no exad-glass-effect-no elementor-widget elementor-widget-text-editor\" data-id=\"bc0fe3d\" data-element_type=\"widget\" data-e-type=\"widget\" data-widget_type=\"text-editor.default\">\n\t\t\t\t<div class=\"elementor-widget-container\">\n\t\t\t\t\t\t\t\t\t<div class=\"flex max-w-full flex-col grow\"><div class=\"min-h-8 text-message relative flex w-full flex-col items-end gap-2 text-start break-words whitespace-normal [.text-message+&amp;]:mt-1\" dir=\"auto\" data-message-author-role=\"assistant\" data-message-id=\"c7a9a5f9-a30e-4d8a-816d-d6bf82155fb0\" data-message-model-slug=\"gpt-5-2\"><div class=\"flex w-full flex-col gap-1 empty:hidden first:pt-[1px]\"><div class=\"markdown prose dark:prose-invert w-full wrap-break-word light markdown-new-styling\"><p data-start=\"166\" data-end=\"485\">Desde el <strong data-start=\"175\" data-end=\"197\">1 de enero de 2026<\/strong> entraron en vigencia en Argentina <strong data-start=\"232\" data-end=\"263\">nuevos l\u00edmites de cobertura<\/strong> para los <strong data-start=\"273\" data-end=\"314\">Seguros de Responsabilidad Civil (RC)<\/strong> tanto de <strong data-start=\"324\" data-end=\"349\">veh\u00edculos automotores<\/strong> como del <strong data-start=\"359\" data-end=\"400\">Transporte P\u00fablico de Pasajeros (TPP)<\/strong>, conforme a la normativa dispuesta por la <strong data-start=\"443\" data-end=\"484\"><span class=\"hover:entity-accent entity-underline inline cursor-pointer align-baseline\"><span class=\"whitespace-normal\">Superintendencia de Seguros de la Naci\u00f3n<\/span><\/span><\/strong>.<\/p><p data-start=\"487\" data-end=\"726\">Estos cambios <strong data-start=\"501\" data-end=\"569\">aplican a las p\u00f3lizas emitidas o renovadas a partir de esa fecha<\/strong> y tienen como objetivo <strong data-start=\"593\" data-end=\"631\">actualizar los montos de cobertura<\/strong> frente al incremento de costos derivados de siniestros, atenci\u00f3n m\u00e9dica y reclamos judiciales.<\/p><hr data-start=\"728\" data-end=\"731\" \/><h3 data-start=\"733\" data-end=\"767\">\u00bfQu\u00e9 aspectos se actualizaron?<\/h3><p data-start=\"769\" data-end=\"812\">La normativa establece nuevos valores para:<\/p><ul data-start=\"814\" data-end=\"1256\"><li data-start=\"814\" data-end=\"954\"><p data-start=\"816\" data-end=\"954\"><strong data-start=\"816\" data-end=\"851\">Obligaci\u00f3n Legal Aut\u00f3noma (OLA)<\/strong>: cobertura destinada a <strong data-start=\"875\" data-end=\"898\">gastos sanatoriales<\/strong> y <strong data-start=\"901\" data-end=\"922\">gastos de sepelio<\/strong> por cada persona damnificada.<\/p><\/li><li data-start=\"955\" data-end=\"1058\"><p data-start=\"957\" data-end=\"1058\"><strong data-start=\"957\" data-end=\"1015\">L\u00edmite del Seguro Obligatorio de Responsabilidad Civil<\/strong>, exigido para poder circular legalmente.<\/p><\/li><li data-start=\"1059\" data-end=\"1167\"><p data-start=\"1061\" data-end=\"1167\"><strong data-start=\"1061\" data-end=\"1116\">L\u00edmites m\u00e1ximos de Responsabilidad Civil voluntaria<\/strong>, diferenciados seg\u00fan el tipo y uso del veh\u00edculo.<\/p><\/li><li data-start=\"1168\" data-end=\"1256\"><p data-start=\"1170\" data-end=\"1256\"><strong data-start=\"1170\" data-end=\"1205\">Transporte P\u00fablico de Pasajeros<\/strong>, incorporando adem\u00e1s <strong data-start=\"1227\" data-end=\"1255\">franquicias obligatorias<\/strong>.<\/p><\/li><\/ul><hr data-start=\"1258\" data-end=\"1261\" \/><h3 data-start=\"1263\" data-end=\"1309\">Nuevos montos vigentes desde el 01\/01\/2026<\/h3><h4 data-start=\"1311\" data-end=\"1350\">\ud83d\udd39 Obligaci\u00f3n Legal Aut\u00f3noma (OLA)<\/h4><ul data-start=\"1351\" data-end=\"1452\"><li data-start=\"1351\" data-end=\"1402\"><p data-start=\"1353\" data-end=\"1402\"><strong data-start=\"1353\" data-end=\"1391\">Gastos sanatoriales (por persona):<\/strong> $910.000<\/p><\/li><li data-start=\"1403\" data-end=\"1452\"><p data-start=\"1405\" data-end=\"1452\"><strong data-start=\"1405\" data-end=\"1441\">Gastos de sepelio (por persona):<\/strong> $533.000<\/p><\/li><\/ul><h4 data-start=\"1454\" data-end=\"1505\">\ud83d\udd39 Seguro Obligatorio de Responsabilidad Civil<\/h4><ul data-start=\"1506\" data-end=\"1556\"><li data-start=\"1506\" data-end=\"1556\"><p data-start=\"1508\" data-end=\"1556\"><strong data-start=\"1508\" data-end=\"1542\">L\u00edmite del seguro obligatorio:<\/strong> $20.800.000<\/p><\/li><\/ul><h4 data-start=\"1558\" data-end=\"1631\">\ud83d\udd39 L\u00edmites m\u00e1ximos de Responsabilidad Civil (coberturas voluntarias)<\/h4><ul data-start=\"1632\" data-end=\"1835\"><li data-start=\"1632\" data-end=\"1686\"><p data-start=\"1634\" data-end=\"1686\"><strong data-start=\"1634\" data-end=\"1665\">Autos particulares y motos:<\/strong> hasta $208.000.000<\/p><\/li><li data-start=\"1687\" data-end=\"1754\"><p data-start=\"1689\" data-end=\"1754\"><strong data-start=\"1689\" data-end=\"1733\">Taxis, remises, camiones y categor\u00eda M1:<\/strong> hasta $455.000.000<\/p><\/li><li data-start=\"1755\" data-end=\"1835\"><p data-start=\"1757\" data-end=\"1835\"><strong data-start=\"1757\" data-end=\"1814\">Transporte M2 y M3 \/ Transporte P\u00fablico de Pasajeros:<\/strong> hasta $676.000.000<\/p><\/li><\/ul><h4 data-start=\"1837\" data-end=\"1882\">\ud83d\udd39 Transporte P\u00fablico de Pasajeros (TPP)<\/h4><ul data-start=\"1883\" data-end=\"1967\"><li data-start=\"1883\" data-end=\"1924\"><p data-start=\"1885\" data-end=\"1924\"><strong data-start=\"1885\" data-end=\"1909\">L\u00edmite de cobertura:<\/strong> $676.000.000<\/p><\/li><li data-start=\"1925\" data-end=\"1967\"><p data-start=\"1927\" data-end=\"1967\"><strong data-start=\"1927\" data-end=\"1954\">Franquicia obligatoria:<\/strong> $3.380.000<\/p><\/li><\/ul><p data-start=\"1969\" data-end=\"2062\">Adem\u00e1s, para <strong data-start=\"1982\" data-end=\"2001\">taxis y remises<\/strong> se establece un <strong data-start=\"2018\" data-end=\"2045\">descubierto obligatorio<\/strong> de <strong data-start=\"2049\" data-end=\"2061\">$494.000<\/strong>.<\/p><hr data-start=\"2064\" data-end=\"2067\" \/><h3 data-start=\"2069\" data-end=\"2107\">\u00bfA qui\u00e9nes impactan estos cambios?<\/h3><ul data-start=\"2109\" data-end=\"2354\"><li data-start=\"2109\" data-end=\"2182\"><p data-start=\"2111\" data-end=\"2182\">Conductores de <strong data-start=\"2126\" data-end=\"2156\">autos y motos particulares<\/strong> que renueven su p\u00f3liza.<\/p><\/li><li data-start=\"2183\" data-end=\"2237\"><p data-start=\"2185\" data-end=\"2237\"><strong data-start=\"2185\" data-end=\"2234\">Taxis, remises, camiones y flotas comerciales<\/strong>.<\/p><\/li><li data-start=\"2238\" data-end=\"2354\"><p data-start=\"2240\" data-end=\"2354\"><strong data-start=\"2240\" data-end=\"2287\">Empresas de Transporte P\u00fablico de Pasajeros<\/strong>, que deber\u00e1n considerar especialmente el r\u00e9gimen de franquicias.<\/p><\/li><\/ul><hr data-start=\"2356\" data-end=\"2359\" \/><h3 data-start=\"2361\" data-end=\"2406\">\u00bfPor qu\u00e9 es importante revisar tu p\u00f3liza?<\/h3><ul data-start=\"2408\" data-end=\"2820\"><li data-start=\"2408\" data-end=\"2517\"><p data-start=\"2410\" data-end=\"2517\">El <strong data-start=\"2413\" data-end=\"2435\">seguro obligatorio<\/strong> cumple con la ley, pero puede resultar <strong data-start=\"2475\" data-end=\"2491\">insuficiente<\/strong> ante siniestros graves.<\/p><\/li><li data-start=\"2518\" data-end=\"2648\"><p data-start=\"2520\" data-end=\"2648\">Las <strong data-start=\"2524\" data-end=\"2550\">coberturas voluntarias<\/strong> permiten acceder a <strong data-start=\"2570\" data-end=\"2597\">l\u00edmites mucho m\u00e1s altos<\/strong>, reduciendo el riesgo patrimonial del asegurado.<\/p><\/li><li data-start=\"2649\" data-end=\"2820\"><p data-start=\"2651\" data-end=\"2820\">En el caso del <strong data-start=\"2666\" data-end=\"2673\">TPP<\/strong>, la franquicia implica que <strong data-start=\"2701\" data-end=\"2751\">parte del da\u00f1o queda a cargo del transportista<\/strong>, lo que debe ser tenido en cuenta en la gesti\u00f3n de costos y riesgos.<\/p><\/li><\/ul><hr data-start=\"2822\" data-end=\"2825\" \/><h3 data-start=\"2827\" data-end=\"2851\">Preguntas frecuentes<\/h3><p data-start=\"2853\" data-end=\"3008\"><strong data-start=\"2853\" data-end=\"2901\">\u00bfDesde cu\u00e1ndo se aplican los nuevos l\u00edmites?<\/strong><br data-start=\"2901\" data-end=\"2904\" \/>Desde el <strong data-start=\"2913\" data-end=\"2935\">1 de enero de 2026<\/strong>, \u00fanicamente para p\u00f3lizas <strong data-start=\"2961\" data-end=\"2985\">emitidas o renovadas<\/strong> a partir de esa fecha.<\/p><p data-start=\"3010\" data-end=\"3219\"><strong data-start=\"3010\" data-end=\"3062\">\u00bfMi p\u00f3liza vigente se actualiza autom\u00e1ticamente?<\/strong><br data-start=\"3062\" data-end=\"3065\" \/>No. Los nuevos montos se aplican al momento de <strong data-start=\"3112\" data-end=\"3132\">renovar o emitir<\/strong> una nueva p\u00f3liza. Si tu seguro sigue vigente, conviene revisar la fecha de renovaci\u00f3n.<\/p><p data-start=\"3221\" data-end=\"3430\"><strong data-start=\"3221\" data-end=\"3262\">\u00bfEs suficiente el seguro obligatorio?<\/strong><br data-start=\"3262\" data-end=\"3265\" \/>Es el m\u00ednimo legal, pero su l\u00edmite puede resultar bajo frente a reclamos importantes. Evaluar una <strong data-start=\"3363\" data-end=\"3397\">Responsabilidad Civil ampliada<\/strong> suele ser una decisi\u00f3n prudente.<\/p><hr data-start=\"3432\" data-end=\"3435\" \/><h3 data-start=\"3437\" data-end=\"3475\">Fuentes oficiales y especializadas<\/h3><ul data-start=\"3477\" data-end=\"4015\"><li data-start=\"3477\" data-end=\"3670\"><p data-start=\"3479\" data-end=\"3670\">Superintendencia de Seguros de la Naci\u00f3n \u2013 Gobierno Argentino<br data-start=\"3540\" data-end=\"3543\" \/>\ud83d\udc49 <a class=\"decorated-link\" href=\"https:\/\/www.argentina.gob.ar\/noticias\/nuevos-limites-de-cobertura-de-los-seguros-de-responsabilidad-civil-automotor-y-de?utm_source=chatgpt.com\" target=\"_new\" rel=\"noopener\" data-start=\"3548\" data-end=\"3668\">https:\/\/www.argentina.gob.ar\/noticias\/nuevos-limites-de-cobertura-de-los-seguros-de-responsabilidad-civil-automotor-y-de<\/a><\/p><\/li><li data-start=\"3672\" data-end=\"3829\"><p data-start=\"3674\" data-end=\"3829\">100% Seguro \u2013 Actualizaci\u00f3n de l\u00edmites RC 2026<br data-start=\"3720\" data-end=\"3723\" \/>\ud83d\udc49 <a class=\"decorated-link\" href=\"https:\/\/100seguro.com.ar\/suben-limites-de-coberturas-para-rc-automotores-y-tpp-desde-enero-de-2026\/?utm_source=chatgpt.com\" target=\"_new\" rel=\"noopener\" data-start=\"3728\" data-end=\"3827\">https:\/\/100seguro.com.ar\/suben-limites-de-coberturas-para-rc-automotores-y-tpp-desde-enero-de-2026\/<\/a><\/p><\/li><li data-start=\"3831\" data-end=\"4015\"><p data-start=\"3833\" data-end=\"4015\">APASER \u2013 An\u00e1lisis del nuevo r\u00e9gimen de coberturas<br data-start=\"3882\" data-end=\"3885\" \/>\ud83d\udc49 <a class=\"decorated-link\" href=\"https:\/\/www.apaser.com.ar\/suben-los-limites-de-cobertura-del-seguro-automotor-y-del-transporte-publico-desde-enero-de-2026\/?utm_source=chatgpt.com\" target=\"_new\" rel=\"noopener\" data-start=\"3890\" data-end=\"4013\">https:\/\/www.apaser.com.ar\/suben-los-limites-de-cobertura-del-seguro-automotor-y-del-transporte-publico-desde-enero-de-2026\/<\/a><\/p><\/li><\/ul><hr data-start=\"4017\" data-end=\"4020\" \/><p data-start=\"4022\" data-end=\"4314\" data-is-last-node=\"\" data-is-only-node=\"\">\ud83d\udccc <strong data-start=\"4025\" data-end=\"4049\">Recomendaci\u00f3n final:<\/strong><br data-start=\"4049\" data-end=\"4052\" \/>Consultar con tu productor asesor de seguros permite verificar <strong data-start=\"4115\" data-end=\"4144\">qu\u00e9 l\u00edmite te corresponde<\/strong>, si existe <strong data-start=\"4156\" data-end=\"4184\">franquicia o descubierto<\/strong>, y si tu cobertura actual es adecuada al uso real de tu veh\u00edculo. Esto evita sorpresas ante un siniestro y protege tu patrimonio.<\/p><\/div><\/div><\/div><\/div><div class=\"z-0 flex min-h-[46px] justify-start\">\u00a0<\/div>\t\t\t\t\t\t\t\t<\/div>\n\t\t\t\t<\/div>\n\t\t\t\t\t<\/div>\n\t\t<\/div>\n\t\t\t\t\t<\/div>\n\t\t<\/section>\n\t\t\t\t<\/div>\n\t\t","protected":false},"excerpt":{"rendered":"<p>Desde el 1 de enero de 2026 entraron en vigencia en Argentina nuevos l\u00edmites de cobertura para los Seguros de Responsabilidad Civil (RC) tanto de veh\u00edculos automotores como del Transporte P\u00fablico de Pasajeros (TPP), conforme a la normativa dispuesta por la Superintendencia de Seguros de la Naci\u00f3n. Estos cambios aplican a las p\u00f3lizas emitidas o [&hellip;]<\/p>\n","protected":false},"author":2,"featured_media":1506,"comment_status":"open","ping_status":"open","sticky":false,"template":"","format":"standard","meta":{"footnotes":""},"categories":[1],"tags":[],"class_list":["post-1496","post","type-post","status-publish","format-standard","has-post-thumbnail","hentry","category-news"],"_links":{"self":[{"href":"https:\/\/grupovelazquez.com.ar\/blog\/wp-json\/wp\/v2\/posts\/1496","targetHints":{"allow":["GET"]}}],"collection":[{"href":"https:\/\/grupovelazquez.com.ar\/blog\/wp-json\/wp\/v2\/posts"}],"about":[{"href":"https:\/\/grupovelazquez.com.ar\/blog\/wp-json\/wp\/v2\/types\/post"}],"author":[{"embeddable":true,"href":"https:\/\/grupovelazquez.com.ar\/blog\/wp-json\/wp\/v2\/users\/2"}],"replies":[{"embeddable":true,"href":"https:\/\/grupovelazquez.com.ar\/blog\/wp-json\/wp\/v2\/comments?post=1496"}],"version-history":[{"count":7,"href":"https:\/\/grupovelazquez.com.ar\/blog\/wp-json\/wp\/v2\/posts\/1496\/revisions"}],"predecessor-version":[{"id":1503,"href":"https:\/\/grupovelazquez.com.ar\/blog\/wp-json\/wp\/v2\/posts\/1496\/revisions\/1503"}],"wp:featuredmedia":[{"embeddable":true,"href":"https:\/\/grupovelazquez.com.ar\/blog\/wp-json\/wp\/v2\/media\/1506"}],"wp:attachment":[{"href":"https:\/\/grupovelazquez.com.ar\/blog\/wp-json\/wp\/v2\/media?parent=1496"}],"wp:term":[{"taxonomy":"category","embeddable":true,"href":"https:\/\/grupovelazquez.com.ar\/blog\/wp-json\/wp\/v2\/categories?post=1496"},{"taxonomy":"post_tag","embeddable":true,"href":"https:\/\/grupovelazquez.com.ar\/blog\/wp-json\/wp\/v2\/tags?post=1496"}],"curies":[{"name":"wp","href":"https:\/\/api.w.org\/{rel}","templated":true}]}}