{"id":1523,"date":"2026-04-06T09:00:00","date_gmt":"2026-04-06T12:00:00","guid":{"rendered":"https:\/\/grupovelazquez.com.ar\/blog\/?p=1523"},"modified":"2026-04-05T22:32:32","modified_gmt":"2026-04-06T01:32:32","slug":"que-profesionales-necesitan-un-seguro-de-mala-praxis-y-por-que","status":"publish","type":"post","link":"https:\/\/grupovelazquez.com.ar\/blog\/news\/que-profesionales-necesitan-un-seguro-de-mala-praxis-y-por-que\/","title":{"rendered":"\u00bfQu\u00e9 profesionales necesitan un seguro de mala praxis y por qu\u00e9?"},"content":{"rendered":"\n<p>Cuando se habla de mala praxis, muchos piensan solo en m\u00e9dicos.<br>Pero la realidad es mucho m\u00e1s amplia.<\/p>\n\n\n\n<p>Hoy, cualquier profesional que brinde un servicio, asesoramiento o tome decisiones que afecten a terceros, <strong>puede enfrentarse a un reclamo o una demanda<\/strong>.<\/p>\n\n\n\n<p>Y en ese contexto, la pregunta clave es:<br><strong>\u00bfest\u00e1s realmente protegido?<\/strong><\/p>\n\n\n\n<h2 class=\"wp-block-heading\">\u2696\ufe0f \u00bfQU\u00c9 ES LA MALA PRAXIS?<\/h2>\n\n\n\n<p>La mala praxis ocurre cuando un profesional:<\/p>\n\n\n\n<ul class=\"wp-block-list\">\n<li>Act\u00faa con negligencia<\/li>\n\n\n\n<li>Comete un error en su actividad<\/li>\n\n\n\n<li>Omite un procedimiento importante<\/li>\n\n\n\n<li>Genera un da\u00f1o a un cliente o tercero<\/li>\n<\/ul>\n\n\n\n<p>No siempre implica mala intenci\u00f3n.<br>Muchas veces, basta un error o una interpretaci\u00f3n discutible para que exista un reclamo.<\/p>\n\n\n\n<h3 class=\"wp-block-heading\">\ud83c\udfe5 Profesionales de la salud<\/h3>\n\n\n\n<ul class=\"wp-block-list\">\n<li>M\u00e9dicos<\/li>\n\n\n\n<li>Odont\u00f3logos<\/li>\n\n\n\n<li>Psic\u00f3logos<\/li>\n\n\n\n<li>Kinesi\u00f3logos<\/li>\n<\/ul>\n\n\n\n<p>\ud83d\udc49 Son los m\u00e1s expuestos, ya que trabajan directamente con la salud de las personas.<\/p>\n\n\n\n<hr class=\"wp-block-separator has-alpha-channel-opacity\"\/>\n\n\n\n<h3 class=\"wp-block-heading\">\u2696\ufe0f Profesionales legales<\/h3>\n\n\n\n<ul class=\"wp-block-list\">\n<li>Abogados<\/li>\n\n\n\n<li>Asesores jur\u00eddicos<\/li>\n<\/ul>\n\n\n\n<p>\ud83d\udc49 Un error en un caso o asesoramiento puede generar consecuencias econ\u00f3micas importantes.<\/p>\n\n\n\n<hr class=\"wp-block-separator has-alpha-channel-opacity\"\/>\n\n\n\n<h3 class=\"wp-block-heading\">\ud83c\udfd7\ufe0f Profesionales t\u00e9cnicos<\/h3>\n\n\n\n<ul class=\"wp-block-list\">\n<li>Arquitectos<\/li>\n\n\n\n<li>Ingenieros<\/li>\n\n\n\n<li>T\u00e9cnicos<\/li>\n<\/ul>\n\n\n\n<p>\ud83d\udc49 Decisiones t\u00e9cnicas pueden derivar en da\u00f1os materiales o riesgos para terceros.<\/p>\n\n\n\n<hr class=\"wp-block-separator has-alpha-channel-opacity\"\/>\n\n\n\n<h3 class=\"wp-block-heading\">\ud83d\udcbc Profesionales independientes<\/h3>\n\n\n\n<ul class=\"wp-block-list\">\n<li>Contadores<\/li>\n\n\n\n<li>Consultores<\/li>\n\n\n\n<li>Asesores<\/li>\n<\/ul>\n\n\n\n<p>\ud83d\udc49 Un mal c\u00e1lculo o recomendaci\u00f3n puede generar p\u00e9rdidas econ\u00f3micas.<\/p>\n\n\n\n<hr class=\"wp-block-separator has-alpha-channel-opacity\"\/>\n\n\n\n<h2 class=\"wp-block-heading\">\ud83d\udea8 \u00bfPOR QU\u00c9 ES TAN IMPORTANTE?<\/h2>\n\n\n\n<p>Porque el riesgo no est\u00e1 solo en el error\u2026<br>sino en sus consecuencias.<\/p>\n\n\n\n<p>Un reclamo puede implicar:<\/p>\n\n\n\n<ul class=\"wp-block-list\">\n<li>\ud83d\udcb0 Indemnizaciones elevadas<\/li>\n\n\n\n<li>\u2696\ufe0f Costos legales<\/li>\n\n\n\n<li>\ud83d\ude30 Estr\u00e9s profesional y personal<\/li>\n\n\n\n<li>\u23f3 A\u00f1os de proceso judicial<\/li>\n<\/ul>\n\n\n\n<p>Y lo m\u00e1s importante:<br>puede afectar tu patrimonio.<\/p>\n\n\n\n<hr class=\"wp-block-separator has-alpha-channel-opacity\"\/>\n\n\n\n<h2 class=\"wp-block-heading\">\ud83d\udca1 EL ERROR M\u00c1S COM\u00daN<\/h2>\n\n\n\n<p>Pensar:<br>\ud83d\udc49 \u201cA m\u00ed no me va a pasar\u201d<\/p>\n\n\n\n<p>La mayor\u00eda de los profesionales que enfrentan una demanda\u2026<br><strong>tambi\u00e9n pensaban eso.<\/strong><\/p>\n\n\n\n<hr class=\"wp-block-separator has-alpha-channel-opacity\"\/>\n\n\n\n<h2 class=\"wp-block-heading\">\u2705 \u00bfQU\u00c9 TE BRINDA UN SEGURO DE MALA PRAXIS?<\/h2>\n\n\n\n<ul class=\"wp-block-list\">\n<li>\u2714\ufe0f Cobertura ante reclamos de terceros<\/li>\n\n\n\n<li>\u2714\ufe0f Defensa legal<\/li>\n\n\n\n<li>\u2714\ufe0f Respaldo econ\u00f3mico<\/li>\n\n\n\n<li>\u2714\ufe0f Tranquilidad para ejercer tu profesi\u00f3n<\/li>\n<\/ul>\n\n\n\n<p>No se trata de desconfiar de tu trabajo.<br>Se trata de entender que cualquier actividad profesional implica riesgos.<\/p>\n\n\n\n<p>Un seguro de mala praxis no es un gasto.<br>Es una herramienta de protecci\u00f3n para tu carrera y tu patrimonio.<\/p>\n","protected":false},"excerpt":{"rendered":"<p>Cuando se habla de mala praxis, muchos piensan solo en m\u00e9dicos.Pero la realidad es mucho m\u00e1s amplia. Hoy, cualquier profesional que brinde un servicio, asesoramiento o tome decisiones que afecten a terceros, puede enfrentarse a un reclamo o una demanda. Y en ese contexto, la pregunta clave es:\u00bfest\u00e1s realmente protegido? \u2696\ufe0f \u00bfQU\u00c9 ES LA MALA [&hellip;]<\/p>\n","protected":false},"author":2,"featured_media":1524,"comment_status":"open","ping_status":"open","sticky":false,"template":"","format":"standard","meta":{"footnotes":""},"categories":[1],"tags":[],"class_list":["post-1523","post","type-post","status-publish","format-standard","has-post-thumbnail","hentry","category-news"],"_links":{"self":[{"href":"https:\/\/grupovelazquez.com.ar\/blog\/wp-json\/wp\/v2\/posts\/1523","targetHints":{"allow":["GET"]}}],"collection":[{"href":"https:\/\/grupovelazquez.com.ar\/blog\/wp-json\/wp\/v2\/posts"}],"about":[{"href":"https:\/\/grupovelazquez.com.ar\/blog\/wp-json\/wp\/v2\/types\/post"}],"author":[{"embeddable":true,"href":"https:\/\/grupovelazquez.com.ar\/blog\/wp-json\/wp\/v2\/users\/2"}],"replies":[{"embeddable":true,"href":"https:\/\/grupovelazquez.com.ar\/blog\/wp-json\/wp\/v2\/comments?post=1523"}],"version-history":[{"count":1,"href":"https:\/\/grupovelazquez.com.ar\/blog\/wp-json\/wp\/v2\/posts\/1523\/revisions"}],"predecessor-version":[{"id":1525,"href":"https:\/\/grupovelazquez.com.ar\/blog\/wp-json\/wp\/v2\/posts\/1523\/revisions\/1525"}],"wp:featuredmedia":[{"embeddable":true,"href":"https:\/\/grupovelazquez.com.ar\/blog\/wp-json\/wp\/v2\/media\/1524"}],"wp:attachment":[{"href":"https:\/\/grupovelazquez.com.ar\/blog\/wp-json\/wp\/v2\/media?parent=1523"}],"wp:term":[{"taxonomy":"category","embeddable":true,"href":"https:\/\/grupovelazquez.com.ar\/blog\/wp-json\/wp\/v2\/categories?post=1523"},{"taxonomy":"post_tag","embeddable":true,"href":"https:\/\/grupovelazquez.com.ar\/blog\/wp-json\/wp\/v2\/tags?post=1523"}],"curies":[{"name":"wp","href":"https:\/\/api.w.org\/{rel}","templated":true}]}}